{"id":22542,"date":"2025-03-21T10:54:52","date_gmt":"2025-03-21T10:54:52","guid":{"rendered":"https:\/\/studiokappa.it\/test\/?p=22542"},"modified":"2025-03-21T20:20:46","modified_gmt":"2025-03-21T20:20:46","slug":"scuola-di-alta-formazione-sulla-ricerca-azione-partecipata","status":"publish","type":"post","link":"https:\/\/studiokappa.it\/test\/scuola-di-alta-formazione-sulla-ricerca-azione-partecipata\/","title":{"rendered":"Scuola di Alta Formazione sulla Ricerca-Azione-Partecipata"},"content":{"rendered":"<p><em><span style=\"color: #6600ff; font-size: medium;\"><strong>Imparare a condurre una Ricerca-Azione-Partecipata sul territorio <\/strong><\/span><\/em><\/p>\n<div align=\"center\"><a title=\"Scarica il depliant informativo\" href=\"https:\/\/www.studiokappa.it\/wp-content\/uploads\/2024\/12\/2025.06.06-RAP-Trieste.pdf\"><img decoding=\"async\" style=\"width: 600px; height: 400px;\" src=\"https:\/\/www.studiokappa.it\/wp-content\/uploads\/2024\/12\/2025.06.06-RAP-Trieste-scaled.jpg\" \/><\/a><\/div>\n<p><em><br \/>\n<\/em><br \/>\nDurante le giornate formative della Scuola di Alta Formazione, si sperimenta direttamente in un contesto urbano la Ricerca-Azione con i cittadini, nei luoghi di ritrovo e di vita.<\/p>\n<p>Si alternano momenti di sessione e studio a momenti in cui si affinano competenze, tecniche e modalit\u00e0 della ricerca sociale destrutturata, condotta attraverso il Dialogo Critico.<\/p>\n<p>La Scuola di Alta Formazione sulla Ricerca-Azione-Partecipata \u00e8 utile ai professionisti impegnati, per ruolo istituzionale o per interesse personale a costruire progettualit\u00e0 e decisioni insieme con le comunit\u00e0 locali, rendendole soggetti attivi delle analisi, dell\u2019individuazione di problemi e soluzioni e della ricerca e messa a disposizione di risorse comunitarie in una prospettiva di miglioramento della qualit\u00e0 del vivere comune e del senso di cittadinanza delle comunit\u00e0.<\/p>\n<p>Al termine del percorso formativo, i partecipanti sanno progettare e condurre una Ricerca-Azione-Partecipata.<\/p>\n<p>La Scuola di Alta Formazione sulla Ricerca-Azione-Partecipata \u00e8 condotta da <a style=\"text-decoration: none;\" title=\"Simone Deflorian\" href=\"http:\/\/www.studiokappa.it\/?page_id=108\" target=\"_self\" rel=\"noopener noreferrer\">Simone Deflorian<\/a>.<br \/>\n<em><br \/>\n<\/em><br \/>\n<em><br \/>\n<\/em><\/p>\n<table width=\"90%\">\n<tbody>\n<tr>\n<td><strong><span style=\"color: #ffffff; font-size: 150%;\">\u00a0Programma delle giornate formative<\/span><\/strong><\/td>\n<\/tr>\n<\/tbody>\n<\/table>\n<p><img decoding=\"async\" src=\"https:\/\/lh4.googleusercontent.com\/-KUnM_IO-hAs\/TgZgN0tqEuI\/AAAAAAAAAZk\/Cachu2JnhXM\/bullet.gif\" alt=\" \" width=\"12\" height=\"11\" border=\"0\" \/> 1. Premesse all&#8217;approccio metodologico della Ricerca-Azione-Partecipata, strutturazione del processo di analisi antropologica critica con la comunit\u00e0 locale, individuazione dei requisiti minimi indispensabili per realizzare una Ricerca-Azione-Partecipata, premesse all&#8217;approccio facilitante l&#8217;Empowerment di Comunit\u00e0, esempi di applicazioni sul campo<\/p>\n<p><img decoding=\"async\" src=\"https:\/\/lh4.googleusercontent.com\/-KUnM_IO-hAs\/TgZgN0tqEuI\/AAAAAAAAAZk\/Cachu2JnhXM\/bullet.gif\" alt=\" \" width=\"12\" height=\"11\" border=\"0\" \/> 2. Sperimentazione sul campo della fase di ricerca<\/p>\n<p><img decoding=\"async\" src=\"https:\/\/lh4.googleusercontent.com\/-KUnM_IO-hAs\/TgZgN0tqEuI\/AAAAAAAAAZk\/Cachu2JnhXM\/bullet.gif\" alt=\" \" width=\"12\" height=\"11\" border=\"0\" \/> 3. Elaborazione e analisi dei dati, configurazione della restituzione alla Comunit\u00e0 degli esiti della Ricerca-Azione-Partecipata, mentalizzazione del processo di applicazione del modello<\/p>\n<p><em><br \/>\n<\/em><br \/>\n<em><br \/>\n<\/em><\/p>\n<table width=\"90%\">\n<tbody>\n<tr>\n<td><strong><span style=\"color: #ffffff; font-size: 150%;\">\u00a0Sedi e Date<\/span><\/strong><\/td>\n<\/tr>\n<\/tbody>\n<\/table>\n<p>La Scuola di Alta Formazione sulla Ricerca-Azione-Partecipata si articola su 3 intere giornate (h. 9.00-18.00) e viene realizzata a Trieste in queste date:<\/p>\n<p><img decoding=\"async\" src=\"https:\/\/lh4.googleusercontent.com\/-KUnM_IO-hAs\/TgZgN0tqEuI\/AAAAAAAAAZk\/Cachu2JnhXM\/bullet.gif\" alt=\" \" width=\"12\" height=\"11\" border=\"0\" \/> Trieste: 06 &#8211; 07 e 08 Giugno 2025<\/p>\n<p><em><br \/>\n<\/em><br \/>\n<em><br \/>\n<\/em><\/p>\n<table width=\"90%\">\n<tbody>\n<tr>\n<td><strong><span style=\"color: #ffffff; font-size: 150%;\">\u00a0Perch\u00e8 partecipare?<\/span><\/strong><\/td>\n<\/tr>\n<\/tbody>\n<\/table>\n<p>La Ricerca-Azione-Partecipata \u00e8 un metodo potente per i processi di attivazione e mobilitazione delle Comunit\u00e0.<\/p>\n<p>Per gestire con sensibilit\u00e0 e consapevolezza l&#8217;approccio metodologico, occorre sviluppare alcune competenze che consentono di evitare di incorrere in rischi di manipolazione o abuso dello strumento.<\/p>\n<p>Attraverso la Scuola di Alta Formazione sulla Ricerca-Azione-Partecipata i partecipanti imparano a gestire l&#8217;intero processo di ricerca-sociale e di Empowerment della Comunit\u00e0.<br \/>\n<em><br \/>\n<\/em><br \/>\n<em><br \/>\n<\/em><\/p>\n<table width=\"90%\">\n<tbody>\n<tr>\n<td><strong><span style=\"color: #ffffff; font-size: 150%;\">\u00a0Cosa faremo?<\/span><\/strong><\/td>\n<\/tr>\n<\/tbody>\n<\/table>\n<p>Nella Scuola di Alta Formazione, i partecipanti sperimentano, guidati, le diverse fasi in cui si sviluppa il processo di Ricerca-Azione-Partecipata.<\/p>\n<p>Si lavora prevalentemente attraverso la Ricerca-Azione, con un approccio non accademico, ma di ricerca sperimentale sul campo, attraverso una modalit\u00e0 che tiene insieme l&#8217;aspetto antropologico con quello sociologico.<\/p>\n<p>La dimensione partecipativa sar\u00e0 raccontata attraverso esempi di applicazione metodologica che consentono di comprendere il ruolo che all&#8217;interno del processo ricopre il professionista esperto.<br \/>\n<em><br \/>\n<\/em><br \/>\n<em><br \/>\n<\/em><\/p>\n<table width=\"90%\">\n<tbody>\n<tr>\n<td><strong><span style=\"color: #ffffff; font-size: 150%;\">\u00a0A chi \u00e8 indicato il Training?<\/span><\/strong><\/td>\n<\/tr>\n<\/tbody>\n<\/table>\n<p>Al training partecipano policy maker, professionisti, funzionari, operatori del settore pubblico e privato, insegnanti, ricercatori e docenti universitari, a chiunque ha studiato la Ricerca-Azione-Partecipata, senza mai averla sperimentata sul campo, o volendone affinare il modello applicativo.<br \/>\n<em><br \/>\n<\/em><br \/>\n<em><br \/>\n<\/em><\/p>\n<table width=\"90%\">\n<tbody>\n<tr>\n<td><strong><span style=\"color: #ffffff; font-size: 150%;\">\u00a0Informazioni<\/span><\/strong><\/td>\n<\/tr>\n<\/tbody>\n<\/table>\n<p><a style=\"text-decoration: none;\" title=\"Scarica il depliant informativo\" href=\"https:\/\/www.studiokappa.it\/wp-content\/uploads\/2024\/12\/2025.06.06-RAP-Trieste.pdf\">Scarica il depliant informativo<\/a><\/p>\n<p><a style=\"text-decoration: none;\" title=\"Iscriviti al Training\" href=\"https:\/\/www.studiokappa.it\/?page_id=4059\">Iscriviti al Training<\/a><br \/>\n<em><br \/>\n<\/em><br \/>\n<em><br \/>\n<\/em><\/p>\n","protected":false},"excerpt":{"rendered":"<p>Imparare a condurre una Ricerca-Azione-Partecipata sul territorio Durante le giornate formative della Scuola di Alta Formazione, si sperimenta direttamente in un contesto urbano la Ricerca-Azione con i cittadini, nei luoghi di ritrovo e di vita. Si alternano momenti di sessione e studio a momenti in cui si affinano competenze, tecniche e modalit\u00e0 della ricerca sociale [&hellip;]<\/p>\n","protected":false},"author":5,"featured_media":0,"comment_status":"open","ping_status":"open","sticky":false,"template":"","format":"standard","meta":{"_acf_changed":false,"_eb_attr":"","footnotes":"","_wpscppro_dont_share_socialmedia":null,"_wpscppro_custom_social_share_image":0,"_facebook_share_type":"default","_twitter_share_type":"default","_linkedin_share_type":"default","_pinterest_share_type":"default","_linkedin_share_type_page":"","_instagram_share_type":"default","_medium_share_type":"default","_threads_share_type":"","_google_business_share_type":"","_selected_social_profile":[],"_wpsp_enable_custom_social_template":false,"_wpsp_social_scheduling":{"enabled":false,"datetime":null,"platforms":[],"status":"template_only","dateOption":"today","timeOption":"now","customDays":"","customHours":"","customDate":"","customTime":"","schedulingType":"absolute"},"_wpsp_active_default_template":true},"categories":[66,44],"tags":[],"class_list":["post-22542","post","type-post","status-publish","format-standard","hentry","category-eventi","category-simone-deflorian"],"acf":[],"rttpg_featured_image_url":null,"rttpg_author":{"display_name":"Studio Kappa","author_link":"https:\/\/studiokappa.it\/test\/author\/studiokappa\/"},"rttpg_comment":0,"rttpg_category":"<a href=\"https:\/\/studiokappa.it\/test\/category\/eventi\/\" rel=\"category tag\">Eventi<\/a> <a href=\"https:\/\/studiokappa.it\/test\/category\/simone-deflorian\/\" rel=\"category tag\">Simone Deflorian<\/a>","rttpg_excerpt":"Imparare a condurre una Ricerca-Azione-Partecipata sul territorio Durante le giornate formative della Scuola di Alta Formazione, si sperimenta direttamente in un contesto urbano la Ricerca-Azione con i cittadini, nei luoghi di ritrovo e di vita. Si alternano momenti di sessione e studio a momenti in cui si affinano competenze, tecniche e modalit\u00e0 della ricerca sociale&hellip;","_links":{"self":[{"href":"https:\/\/studiokappa.it\/test\/wp-json\/wp\/v2\/posts\/22542","targetHints":{"allow":["GET"]}}],"collection":[{"href":"https:\/\/studiokappa.it\/test\/wp-json\/wp\/v2\/posts"}],"about":[{"href":"https:\/\/studiokappa.it\/test\/wp-json\/wp\/v2\/types\/post"}],"author":[{"embeddable":true,"href":"https:\/\/studiokappa.it\/test\/wp-json\/wp\/v2\/users\/5"}],"replies":[{"embeddable":true,"href":"https:\/\/studiokappa.it\/test\/wp-json\/wp\/v2\/comments?post=22542"}],"version-history":[{"count":3,"href":"https:\/\/studiokappa.it\/test\/wp-json\/wp\/v2\/posts\/22542\/revisions"}],"predecessor-version":[{"id":22694,"href":"https:\/\/studiokappa.it\/test\/wp-json\/wp\/v2\/posts\/22542\/revisions\/22694"}],"wp:attachment":[{"href":"https:\/\/studiokappa.it\/test\/wp-json\/wp\/v2\/media?parent=22542"}],"wp:term":[{"taxonomy":"category","embeddable":true,"href":"https:\/\/studiokappa.it\/test\/wp-json\/wp\/v2\/categories?post=22542"},{"taxonomy":"post_tag","embeddable":true,"href":"https:\/\/studiokappa.it\/test\/wp-json\/wp\/v2\/tags?post=22542"}],"curies":[{"name":"wp","href":"https:\/\/api.w.org\/{rel}","templated":true}]}}