{"id":22113,"date":"2024-12-29T14:59:38","date_gmt":"2024-12-29T14:59:38","guid":{"rendered":"https:\/\/www.studiokappa.it\/?p=21846"},"modified":"2025-03-21T11:31:31","modified_gmt":"2025-03-21T11:31:31","slug":"comunita-coraggiose","status":"publish","type":"post","link":"https:\/\/studiokappa.it\/test\/comunita-coraggiose\/","title":{"rendered":"Comunit\u00e0 Coraggiose"},"content":{"rendered":"<p><em><span style=\"color: #6600ff; font-size: medium;\"><strong>Strumenti e approcci di leadership e membership rafforzanti e liberanti<\/strong><\/span><\/em><\/p>\n<div align=\"center\"><a title=\"Scarica il depliant informativo\" href=\"https:\/\/www.studiokappa.it\/wp-content\/uploads\/2024\/12\/2025.05.01-ComunitaCoraggiose-Firenze.pdf\"><img decoding=\"async\" style=\"width: 600px; height: 400px;\" src=\"https:\/\/www.studiokappa.it\/wp-content\/uploads\/2024\/12\/2025.04.28-ComunitaCoraggiose-Firenze.jpg\" \/><\/a><\/div>\n<p><em><br \/>\n<\/em><br \/>\nLo storico processo di urbanizzazione ci porta a vivere soli e isolati in mezzo a tante persone sconosciute. <\/p>\n<p>I media diffondono l\u2019idea che il vicino \u00e8 un potenziale pericolo per noi e ci invitano a stare lontani gli uni dagli altri. <\/p>\n<p>Questo determina una debolezza del nostro vivere nel luogo in cui abitiamo e ci fa vivere con un senso di impotenza. <\/p>\n<p>Il training fa sperimentare metodi per rafforzare il senso di comunit\u00e0 dei territori e far sentire la forza e il coraggio che si libera dalle comunit\u00e0.<\/p>\n<p>Le giornate sono un \u201callenamento\u201d per imparare a gestire i processi che portano a costruire comunit\u00e0 coraggiose, impavide, temerarie, conviviali e unite. <\/p>\n<p>Questo \u00e8 il primo passo per liberare noi stessi e le comunit\u00e0 dal senso di ineluttabilit\u00e0 e impotenza che viviamo oggi.<\/p>\n<p>Il training \u00e8 condotto da <a style=\"text-decoration: none;\" title=\"Simone Deflorian\" href=\"http:\/\/www.studiokappa.it\/?page_id=108\" target=\"_self\" rel=\"noopener noreferrer\">Simone Deflorian<\/a>.<br \/>\n<em><br \/>\n<\/em><br \/>\n<em><br \/>\n<\/em><\/p>\n<table ;=\"\" width=\"90%\" height=\"30\">\n<tbody>\n<tr>\n<td background=\"https:\/\/www.studiokappa.it\/wp-content\/uploads\/2014\/01\/barra.jpg\"><strong><span style=\"color: #FFFFFF; font-size: 150%;\">&nbsp;Programma delle giornate formative<\/span><\/strong><\/td>\n<\/tr>\n<\/tbody>\n<\/table>\n<p><img decoding=\"async\" src=\"https:\/\/lh4.googleusercontent.com\/-KUnM_IO-hAs\/TgZgN0tqEuI\/AAAAAAAAAZk\/Cachu2JnhXM\/bullet.gif\" alt=\" \" width=\"12\" height=\"11\" border=\"0\" \/> 1. Analisi critica, capacit\u00e0 di disvelamento della manipolazione, skills per l&#8217;empowerment, strumenti per il rafforzamento del coraggio delle Comunit\u00e0<\/p>\n<p><img decoding=\"async\" src=\"https:\/\/lh4.googleusercontent.com\/-KUnM_IO-hAs\/TgZgN0tqEuI\/AAAAAAAAAZk\/Cachu2JnhXM\/bullet.gif\" alt=\" \" width=\"12\" height=\"11\" border=\"0\" \/> 2. Approccio maieutico, cenni di Ricerca-Azione-Partecipata, sperimentazione di processi di Empowerment di Comunit\u00e0<br \/>\n<em><br \/>\n<\/em><br \/>\n<em><br \/>\n<\/em><\/p>\n<table ;=\"\" width=\"90%\" height=\"30\">\n<tbody>\n<tr>\n<td background=\"https:\/\/www.studiokappa.it\/wp-content\/uploads\/2014\/01\/barra.jpg\"><strong><span style=\"color: #FFFFFF; font-size: 150%;\">&nbsp;Sedi e Date<\/span><\/strong><\/td>\n<\/tr>\n<\/tbody>\n<\/table>\n<p>Il Training si articola su 2 intere giornate (h. 9.00-18.00) e viene realizzato a Firenze in queste date:<\/p>\n<p><img decoding=\"async\" src=\"https:\/\/lh4.googleusercontent.com\/-KUnM_IO-hAs\/TgZgN0tqEuI\/AAAAAAAAAZk\/Cachu2JnhXM\/bullet.gif\" alt=\" \" width=\"12\" height=\"11\" border=\"0\" \/> Firenze: 01 e 02 Maggio 2025<\/p>\n<p><em><br \/>\n<\/em><br \/>\n<em><br \/>\n<\/em><\/p>\n<table ;=\"\" width=\"90%\" height=\"30\">\n<tbody>\n<tr>\n<td background=\"https:\/\/www.studiokappa.it\/wp-content\/uploads\/2014\/01\/barra.jpg\"><strong><span style=\"color: #FFFFFF; font-size: 150%;\">&nbsp;Perch\u00e8 partecipare?<\/span><\/strong><\/td>\n<\/tr>\n<\/tbody>\n<\/table>\n<p>Le comunit\u00e0 di oggi sono dilaniate da tematiche bipolarizzate costruite apposta per essere divisive, per mettere le persone le une contro le altre.<\/p>\n<p>E&#8217; il noto approccio &#8220;dividi et impera&#8221; che mantiene le comunit\u00e0 (e le persone) in lotta tra di loro, per non avere tempo e forza per comprendere la realt\u00e0 e liberarsi dalle oppressioni e violenze strutturali che si vivono.<\/p>\n<p>Il Training \u00e8 utile a rafforzare le competenze per coloro interessati a farsi parte construens aiutando il processo di aggregazione comunitaria del territorio dove vivono, in prospettiva di una liberazione, autosufficienza e autodeterminazione collettiva.<br \/>\n<em><br \/>\n<\/em><br \/>\n<em><br \/>\n<\/em><\/p>\n<table ;=\"\" width=\"90%\" height=\"30\">\n<tbody>\n<tr>\n<td background=\"https:\/\/www.studiokappa.it\/wp-content\/uploads\/2014\/01\/barra.jpg\"><strong><span style=\"color: #FFFFFF; font-size: 150%;\">&nbsp;Cosa faremo?<\/span><\/strong><\/td>\n<\/tr>\n<\/tbody>\n<\/table>\n<p>Si tratta di un training, un allenamento.<\/p>\n<p>I partecipanti allenano le proprie capacit\u00e0 di riconoscere, valorizzare e rafforzare le altre persone della comunit\u00e0, attraverso modalit\u00e0, comportamenti e skills che consentono al contempo di essere considerati, apprezzati nella capacit\u00e0 di sostenere la dimensione comunitaria del territorio.<\/p>\n<p>Ci si rafforza nella considerazione che il territorio pu\u00f2 avere nella nostra funzione federativa delle diverse umanit\u00e0 che abitano lo stesso territorio.<br \/>\n<em><br \/>\n<\/em><br \/>\n<em><br \/>\n<\/em><\/p>\n<table ;=\"\" width=\"90%\" height=\"30\">\n<tbody>\n<tr>\n<td background=\"https:\/\/www.studiokappa.it\/wp-content\/uploads\/2014\/01\/barra.jpg\"><strong><span style=\"color: #FFFFFF; font-size: 150%;\">&nbsp;A chi \u00e8 indicato il Training?<\/span><\/strong><\/td>\n<\/tr>\n<\/tbody>\n<\/table>\n<p>Al training partecipano cittadini impegnati in movimenti civici, policy maker, professionisti, funzionari e operatori del settore pubblico e del privato con incarichi in interventi di politiche pubbliche micro e macro locale, operatori sociali, attivisti, opinion leader, giornalisti.<br \/>\n<em><br \/>\n<\/em><br \/>\n<em><br \/>\n<\/em><\/p>\n<table ;=\"\" width=\"90%\" height=\"30\">\n<tbody>\n<tr>\n<td background=\"https:\/\/www.studiokappa.it\/wp-content\/uploads\/2014\/01\/barra.jpg\"><strong><span style=\"color: #FFFFFF; font-size: 150%;\">&nbsp;Informazioni<\/span><\/strong><\/td>\n<\/tr>\n<\/tbody>\n<\/table>\n<p><a style=\"text-decoration: none;\" title=\"Scarica il depliant informativo\" href=\"https:\/\/www.studiokappa.it\/wp-content\/uploads\/2024\/12\/2025.05.01-ComunitaCoraggiose-Firenze.pdf\">Scarica il depliant informativo<\/a><\/p>\n<p><a style=\"text-decoration: none;\" title=\"Iscriviti al Training\" href=\"https:\/\/www.studiokappa.it\/?page_id=4059\">Iscriviti al Training<\/a><br \/>\n<em><br \/>\n<\/em><br \/>\n<em><br \/>\n<\/em><\/p>\n","protected":false},"excerpt":{"rendered":"<p>Strumenti e approcci di leadership e membership rafforzanti e liberanti Lo storico processo di urbanizzazione ci porta a vivere soli e isolati in mezzo a tante persone sconosciute. I media diffondono l\u2019idea che il vicino \u00e8 un potenziale pericolo per noi e ci invitano a stare lontani gli uni dagli altri. Questo determina una debolezza [&hellip;]<\/p>\n","protected":false},"author":9,"featured_media":0,"comment_status":"closed","ping_status":"open","sticky":false,"template":"","format":"standard","meta":{"_acf_changed":false,"_eb_attr":"","footnotes":"","_wpscppro_dont_share_socialmedia":false,"_wpscppro_custom_social_share_image":0,"_facebook_share_type":"","_twitter_share_type":"","_linkedin_share_type":"","_pinterest_share_type":"","_linkedin_share_type_page":"","_instagram_share_type":"","_medium_share_type":"","_threads_share_type":"","_google_business_share_type":"","_selected_social_profile":[],"_wpsp_enable_custom_social_template":false,"_wpsp_social_scheduling":{"enabled":false,"datetime":null,"platforms":[],"status":"template_only","dateOption":"today","timeOption":"now","customDays":"","customHours":"","customDate":"","customTime":"","schedulingType":"absolute"},"_wpsp_active_default_template":true},"categories":[66,44],"tags":[],"class_list":["post-22113","post","type-post","status-publish","format-standard","hentry","category-eventi","category-simone-deflorian"],"acf":[],"rttpg_featured_image_url":null,"rttpg_author":{"display_name":"Simone Deflorian","author_link":"https:\/\/studiokappa.it\/test\/author\/simone-deflorian\/"},"rttpg_comment":0,"rttpg_category":"<a href=\"https:\/\/studiokappa.it\/test\/category\/eventi\/\" rel=\"category tag\">Eventi<\/a> <a href=\"https:\/\/studiokappa.it\/test\/category\/simone-deflorian\/\" rel=\"category tag\">Simone Deflorian<\/a>","rttpg_excerpt":"Strumenti e approcci di leadership e membership rafforzanti e liberanti Lo storico processo di urbanizzazione ci porta a vivere soli e isolati in mezzo a tante persone sconosciute. I media diffondono l\u2019idea che il vicino \u00e8 un potenziale pericolo per noi e ci invitano a stare lontani gli uni dagli altri. Questo determina una debolezza&hellip;","_links":{"self":[{"href":"https:\/\/studiokappa.it\/test\/wp-json\/wp\/v2\/posts\/22113","targetHints":{"allow":["GET"]}}],"collection":[{"href":"https:\/\/studiokappa.it\/test\/wp-json\/wp\/v2\/posts"}],"about":[{"href":"https:\/\/studiokappa.it\/test\/wp-json\/wp\/v2\/types\/post"}],"author":[{"embeddable":true,"href":"https:\/\/studiokappa.it\/test\/wp-json\/wp\/v2\/users\/9"}],"replies":[{"embeddable":true,"href":"https:\/\/studiokappa.it\/test\/wp-json\/wp\/v2\/comments?post=22113"}],"version-history":[{"count":3,"href":"https:\/\/studiokappa.it\/test\/wp-json\/wp\/v2\/posts\/22113\/revisions"}],"predecessor-version":[{"id":22551,"href":"https:\/\/studiokappa.it\/test\/wp-json\/wp\/v2\/posts\/22113\/revisions\/22551"}],"wp:attachment":[{"href":"https:\/\/studiokappa.it\/test\/wp-json\/wp\/v2\/media?parent=22113"}],"wp:term":[{"taxonomy":"category","embeddable":true,"href":"https:\/\/studiokappa.it\/test\/wp-json\/wp\/v2\/categories?post=22113"},{"taxonomy":"post_tag","embeddable":true,"href":"https:\/\/studiokappa.it\/test\/wp-json\/wp\/v2\/tags?post=22113"}],"curies":[{"name":"wp","href":"https:\/\/api.w.org\/{rel}","templated":true}]}}