{"id":20513,"date":"2024-01-23T16:07:13","date_gmt":"2024-01-23T16:07:13","guid":{"rendered":"https:\/\/www.studiokappa.it\/?p=20513"},"modified":"2025-05-23T10:55:34","modified_gmt":"2025-05-23T10:55:34","slug":"identita-e-razionalita-del-noi-training","status":"publish","type":"post","link":"https:\/\/studiokappa.it\/test\/identita-e-razionalita-del-noi-training\/","title":{"rendered":"Identit\u00e0 e razionalit\u00e0 del noi &#8211; Training"},"content":{"rendered":"\n<p>Ruolo e competenze degli ETS per comunit\u00e0 aperte, coese potenti e generative.<\/p>\n\n\n\n<figure class=\"wp-block-image size-full\"><img fetchpriority=\"high\" decoding=\"async\" width=\"975\" height=\"658\" src=\"https:\/\/studiokappa.it\/test\/wp-content\/uploads\/2024\/01\/Immagine1.jpg\" alt=\"\" class=\"wp-image-20499\" srcset=\"https:\/\/studiokappa.it\/test\/wp-content\/uploads\/2024\/01\/Immagine1.jpg 975w, https:\/\/studiokappa.it\/test\/wp-content\/uploads\/2024\/01\/Immagine1-600x405.jpg 600w, https:\/\/studiokappa.it\/test\/wp-content\/uploads\/2024\/01\/Immagine1-768x518.jpg 768w\" sizes=\"(max-width: 975px) 100vw, 975px\" \/><\/figure>\n\n\n\n<p>Si tiene a Pavia il 18 e 19 maggio 2024 il Training &#8220;Identit\u00e0 e razionalit\u00e0 del noi &#8211; ruolo e competenze degli ETS per comunit\u00e0 aperte, coese potenti e generative&#8221; che sviluppa approcci e competenze del Terzo Settore per qualificarne gli interventi nel costruire senso di comunit\u00e0 e generare pratiche inclusive, ecologiche e trasformative sui territori.<\/p>\n\n\n\n<p>Durante le due giornate di formazione, con un totale di 16 ore di corso, i partecipanti hanno l&#8217;opportunit\u00e0 di esplorare e sperimentare posture, metodologie e strumenti per migliorare i propri interventi. L&#8217;obiettivo non \u00e8 solo &#8220;fare cose nuove&#8221;, ma &#8220;fare nuove le cose&#8221;, caratterizzando le diverse fasi ed azioni progettuali in modo qualificante per promuovere e curare il senso di co-ownership e co-responsabilit\u00e0 nei territori.<\/p>\n\n\n\n<p>Il Training \u00e8 rivolto a associazioni, comitati, fondazioni o imprese senza scopo di lucro che perseguono finalit\u00e0 civiche, solidaristiche e di utilit\u00e0 sociale. Attraverso la partecipazione dei loro membri, operatori e volontari, si rafforza il senso di identit\u00e0 e del valore dell\u2019impegno nel mondo\/territorio. Si sviluppa il senso di appartenenza e partecipazione, aprendo la possibilit\u00e0 di scegliere approcci e strumenti coerenti con le nuove sperimentazioni in corso.<\/p>\n\n\n\n<p>Il Training si tiene a Pavia, ha un costo di \u20ac200,00 e le iscrizioni chiudono il 30 aprile.<\/p>\n\n\n\n<p>A cura di <a href=\"https:\/\/studiokappa.it\/test\/?page_id=5555\" data-type=\"page\" data-id=\"5555\">Anna Zumbo<\/a><\/p>\n\n\n\n<p>Per info <a href=\"https:\/\/studiokappa.it\/test\/?page_id=19942\" data-type=\"page\" data-id=\"19942\">maggiori informazioni<\/a> sul Training <\/p>\n\n\n\n<p>Per <a href=\"https:\/\/studiokappa.it\/test\/wp-content\/uploads\/2024\/01\/2024-LOC-Identita-e-razionalita-del-noi-PV-1.pdf\">scaricare la locandina<\/a> (pdf)<\/p>\n\n\n\n<p>Per <a href=\"https:\/\/studiokappa.it\/test\/?page_id=4059\">iscrizioni <\/a>al Training <\/p>\n ","protected":false},"excerpt":{"rendered":"<p>Ruolo e competenze degli ETS per comunit\u00e0 aperte, coese potenti e generative. Si tiene a Pavia il 18 e 19 maggio 2024 il Training &#8220;Identit\u00e0 e razionalit\u00e0 del noi &#8211; ruolo e competenze degli ETS per comunit\u00e0 aperte, coese potenti e generative&#8221; che sviluppa approcci e competenze del Terzo Settore per qualificarne gli interventi nel [&hellip;]<\/p>\n","protected":false},"author":10,"featured_media":0,"comment_status":"closed","ping_status":"open","sticky":false,"template":"","format":"standard","meta":{"_acf_changed":false,"_eb_attr":"","footnotes":"","_wpscppro_dont_share_socialmedia":false,"_wpscppro_custom_social_share_image":0,"_facebook_share_type":"","_twitter_share_type":"","_linkedin_share_type":"","_pinterest_share_type":"","_linkedin_share_type_page":"","_instagram_share_type":"","_medium_share_type":"","_threads_share_type":"","_google_business_share_type":"","_selected_social_profile":[],"_wpsp_enable_custom_social_template":false,"_wpsp_social_scheduling":{"enabled":false,"datetime":null,"platforms":[],"status":"template_only","dateOption":"today","timeOption":"now","customDays":"","customHours":"","customDate":"","customTime":"","schedulingType":"absolute"},"_wpsp_active_default_template":true},"categories":[34,39,38,66,43],"tags":[],"class_list":["post-20513","post","type-post","status-publish","format-standard","hentry","category-anna-zumbo","category-empowerment-delle-organizzazioni","category-empowerment-delle-comunita","category-eventi","category-senza-categoria"],"acf":[],"rttpg_featured_image_url":null,"rttpg_author":{"display_name":"Anna Zumbo","author_link":"https:\/\/studiokappa.it\/test\/author\/anna-zumbo\/"},"rttpg_comment":0,"rttpg_category":"<a href=\"https:\/\/studiokappa.it\/test\/category\/anna-zumbo\/\" rel=\"category tag\">Anna Zumbo<\/a> <a href=\"https:\/\/studiokappa.it\/test\/category\/empowerment-delle-organizzazioni\/\" rel=\"category tag\">Empowerment delle Aziende e Organizzazioni<\/a> <a href=\"https:\/\/studiokappa.it\/test\/category\/empowerment-delle-comunita\/\" rel=\"category tag\">Empowerment delle Comunit\u00e0 e dei Territori<\/a> <a href=\"https:\/\/studiokappa.it\/test\/category\/eventi\/\" rel=\"category tag\">Eventi<\/a> <a href=\"https:\/\/studiokappa.it\/test\/category\/senza-categoria\/\" rel=\"category tag\">Senza categoria<\/a>","rttpg_excerpt":"Ruolo e competenze degli ETS per comunit\u00e0 aperte, coese potenti e generative. Si tiene a Pavia il 18 e 19 maggio 2024 il Training &#8220;Identit\u00e0 e razionalit\u00e0 del noi &#8211; ruolo e competenze degli ETS per comunit\u00e0 aperte, coese potenti e generative&#8221; che sviluppa approcci e competenze del Terzo Settore per qualificarne gli interventi nel&hellip;","_links":{"self":[{"href":"https:\/\/studiokappa.it\/test\/wp-json\/wp\/v2\/posts\/20513","targetHints":{"allow":["GET"]}}],"collection":[{"href":"https:\/\/studiokappa.it\/test\/wp-json\/wp\/v2\/posts"}],"about":[{"href":"https:\/\/studiokappa.it\/test\/wp-json\/wp\/v2\/types\/post"}],"author":[{"embeddable":true,"href":"https:\/\/studiokappa.it\/test\/wp-json\/wp\/v2\/users\/10"}],"replies":[{"embeddable":true,"href":"https:\/\/studiokappa.it\/test\/wp-json\/wp\/v2\/comments?post=20513"}],"version-history":[{"count":3,"href":"https:\/\/studiokappa.it\/test\/wp-json\/wp\/v2\/posts\/20513\/revisions"}],"predecessor-version":[{"id":22660,"href":"https:\/\/studiokappa.it\/test\/wp-json\/wp\/v2\/posts\/20513\/revisions\/22660"}],"wp:attachment":[{"href":"https:\/\/studiokappa.it\/test\/wp-json\/wp\/v2\/media?parent=20513"}],"wp:term":[{"taxonomy":"category","embeddable":true,"href":"https:\/\/studiokappa.it\/test\/wp-json\/wp\/v2\/categories?post=20513"},{"taxonomy":"post_tag","embeddable":true,"href":"https:\/\/studiokappa.it\/test\/wp-json\/wp\/v2\/tags?post=20513"}],"curies":[{"name":"wp","href":"https:\/\/api.w.org\/{rel}","templated":true}]}}